{"id":6819,"date":"2022-03-16T10:12:16","date_gmt":"2022-03-16T09:12:16","guid":{"rendered":"https:\/\/eliem.fashion\/?p=6819"},"modified":"2022-03-18T17:03:51","modified_gmt":"2022-03-18T16:03:51","slug":"como-llevar-un-bolso-de-mano-o-pochette","status":"publish","type":"post","link":"https:\/\/eliem.fashion\/es\/como-llevar-un-bolso-de-mano-o-pochette\/","title":{"rendered":"C\u00f2mo llevar un bolso de mano o pochette"},"content":{"rendered":"<p><em>2 MINUTOS DE LECTURA<\/em><\/p>\n<p>\u00bfSi has hecho clic en este art\u00edculo, probablemente acabas de comprar tu querido<strong> bolso de mano<\/strong> (o est\u00e1s planeando hacerlo) y quisieras saber como poder llevarlo de la manera correcta, verdad?<\/p>\n<p>Si tu respuesta es si, no desespere por qu\u00e9 hoy te explicar\u00e9 en detalles <strong>como llevar un bolso de mano o la pochette<\/strong>, de manera que puedas lucirlo como si fueras una \u00a0modelo en la pasarela.<\/p>\n<p>Pero antes, d\u00e9jame explicarte <strong>que es una pochette o \u00a0bolso de mano<\/strong> y que puedes poner en su interior.<\/p>\n<h2>\u00bfQu\u00e9 es un bolso de mano?<\/h2>\n<p>A diferencia de otros tipos bolsos,<strong> la pochette es un bolso de peque\u00f1as dimensiones con un dise\u00f1o minimalista y poco voluminoso y que suele llevarse en la mano.<\/strong><\/p>\n<p>La palabra pochette, es un t\u00e9rmino franc\u00e9s, adem\u00e1s, deriva \u00a0de la uni\u00f3n entre la \u00a0palabra\u201dpoche\u201d, o bolsillo, y el sufijo diminutivo \u2013ette, por lo que su significado original era \u201cbolsillo peque\u00f1o\u201d, cambiando posteriormente por la \u00a0imaginaci\u00f3n literaria transalpina en \u201cpeque\u00f1o bolso\u201d.<\/p>\n<p>E incluso, fue la poetisa medieval <strong>Marie de France<\/strong> la primera en utilizar el t\u00e9rmino pochette en Francia\u00a0 para indicar <em>\u201cune petit bourse\u201d<\/em> (un bolso peque\u00f1o), la cual es conocida en la historia por ser la primera en escribir la adaptaci\u00f3n francesa de las f\u00e1bulas de Esopo.<\/p>\n<p>Dicho esto, antes de explicarte como llevar un bolso de mano o pochette, deja que te d\u00e9 algunos consejos sobre que poner en su interior.<\/p>\n<h2>Qu\u00e9 poner dentro de la pochette o bolso de mano<\/h2>\n<p>Aunque el bolso de mano no es tan grande como un bolso de cuero, todavia es posible poner todos los objetos necesarios de tu vida diaria, tales como:<\/p>\n<ul>\n<li><em>Tel\u00e9fono;<\/em><\/li>\n<li><em>Tarjetas de cr\u00e9dito;<\/em><\/li>\n<li><em>Las llaves de casa y del coche;<\/em><\/li>\n<li><em>L\u00e1piz de labios;<\/em><\/li>\n<li><em>Perfume y r\u00edmel;<\/em><\/li>\n<li><em>Un peque\u00f1o espray de pimienta (en el caso que un ladr\u00f3n intente robar tu pochette).<\/em><\/li>\n<\/ul>\n<p>Y ahora que ya sabes qu\u00e9 es un bolso de mano y que puedes poner en \u00e9l, vamos a ver como puedes \u00a0llevar un bolso de mano.<\/p>\n<h2>C\u00f3mo llevar un bolso de mano o pochette<\/h2>\n<p>Con respecto al <strong>bolso<\/strong>, recuerda que puede llevarse con<strong> bandolera o de hombro<\/strong> si la bandolera es larga lo suficiente, o de lo contrario puedes sujetarla en <strong>la mano, por las asas o en el antebrazo.<\/strong><\/p>\n<p>El<strong> bolso de mano o pochette<\/strong>, en cambio, si no tiene asas o bandolera, <strong>debe llevarse en la mano<\/strong>, pero recuerda que tiene que ser la mano<strong> izquierda<\/strong>, porque durante un evento o una velada importante puedes que tengas que saludar a alg\u00fan conocido, por lo que la mano derecha debe de estar libre para estrechar su mano.<\/p>\n<p><a href=\"https:\/\/eliem.fashion\/es\/producto\/pochette\/\"><strong>Haga clic aqu\u00ed<\/strong> <\/a>para descubrir nuestros bolsos de mano Eliem Venice, fabricados totalmente el cuero 100% Made in Italy.<\/p>\n<p>&nbsp;<\/p>\n<p>&nbsp;<\/p>\n<p>&nbsp;<\/p>\n","protected":false},"excerpt":{"rendered":"<p>2 MINUTOS DE LECTURA \u00bfSi has hecho clic en este art\u00edculo, probablemente acabas de comprar tu querido bolso de mano (o est\u00e1s planeando hacerlo) y quisieras saber como poder llevarlo de la manera correcta, verdad? Si tu respuesta es si, [&hellip;]<\/p>\n","protected":false},"author":9,"featured_media":6693,"comment_status":"closed","ping_status":"open","sticky":false,"template":"","format":"standard","meta":{"_acf_changed":false,"_jetpack_memberships_contains_paid_content":false,"_joinchat":[],"footnotes":""},"categories":[141],"tags":[],"class_list":["post-6819","post","type-post","status-publish","format-standard","has-post-thumbnail","hentry","category-bolsos-artesanales-de-cuero-de-lujo"],"acf":[],"yoast_head":"<!-- This site is optimized with the Yoast SEO plugin v26.6 - https:\/\/yoast.com\/wordpress\/plugins\/seo\/ -->\n<title>C\u00f2mo llevar un bolso de mano o pochette | Eliem.fashion<\/title>\n<meta name=\"description\" content=\"Lea este art\u00edculo porque hoy te explicar\u00e9 en detalles como llevar un bolso de mano de manera que puedas lucirlo una modelo en la pasarela.\" \/>\n<meta name=\"robots\" content=\"index, follow, max-snippet:-1, max-image-preview:large, max-video-preview:-1\" \/>\n<link rel=\"canonical\" href=\"https:\/\/eliem.fashion\/es\/como-llevar-un-bolso-de-mano-o-pochette\/\" \/>\n<meta property=\"og:locale\" content=\"es_ES\" \/>\n<meta property=\"og:type\" content=\"article\" \/>\n<meta property=\"og:title\" content=\"C\u00f2mo llevar un bolso de mano o pochette | Eliem.fashion\" \/>\n<meta property=\"og:description\" content=\"Lea este art\u00edculo porque hoy te explicar\u00e9 en detalles como llevar un bolso de mano de manera que puedas lucirlo una modelo en la pasarela.\" \/>\n<meta property=\"og:url\" content=\"https:\/\/eliem.fashion\/es\/como-llevar-un-bolso-de-mano-o-pochette\/\" \/>\n<meta property=\"og:site_name\" content=\"Eliem Fashion by Elizabeth Maria\" \/>\n<meta property=\"article:published_time\" content=\"2022-03-16T09:12:16+00:00\" \/>\n<meta property=\"article:modified_time\" content=\"2022-03-18T16:03:51+00:00\" \/>\n<meta property=\"og:image\" content=\"https:\/\/eliem.fashion\/wp-content\/uploads\/2022\/03\/B.B-102.jpg\" \/>\n\t<meta property=\"og:image:width\" content=\"1000\" \/>\n\t<meta property=\"og:image:height\" content=\"1000\" \/>\n\t<meta property=\"og:image:type\" content=\"image\/jpeg\" \/>\n<meta name=\"author\" content=\"primaposizione\" \/>\n<meta name=\"twitter:card\" content=\"summary_large_image\" \/>\n<meta name=\"twitter:label1\" content=\"Escrito por\" \/>\n\t<meta name=\"twitter:data1\" content=\"primaposizione\" \/>\n\t<meta name=\"twitter:label2\" content=\"Tiempo de lectura\" \/>\n\t<meta name=\"twitter:data2\" content=\"2 minutos\" \/>\n<script type=\"application\/ld+json\" class=\"yoast-schema-graph\">{\"@context\":\"https:\/\/schema.org\",\"@graph\":[{\"@type\":\"WebPage\",\"@id\":\"https:\/\/eliem.fashion\/es\/como-llevar-un-bolso-de-mano-o-pochette\/\",\"url\":\"https:\/\/eliem.fashion\/es\/como-llevar-un-bolso-de-mano-o-pochette\/\",\"name\":\"C\u00f2mo llevar un bolso de mano o pochette | Eliem.fashion\",\"isPartOf\":{\"@id\":\"https:\/\/eliem.fashion\/es\/#website\"},\"primaryImageOfPage\":{\"@id\":\"https:\/\/eliem.fashion\/es\/como-llevar-un-bolso-de-mano-o-pochette\/#primaryimage\"},\"image\":{\"@id\":\"https:\/\/eliem.fashion\/es\/como-llevar-un-bolso-de-mano-o-pochette\/#primaryimage\"},\"thumbnailUrl\":\"https:\/\/eliem.fashion\/wp-content\/uploads\/2022\/03\/B.B-102.jpg\",\"datePublished\":\"2022-03-16T09:12:16+00:00\",\"dateModified\":\"2022-03-18T16:03:51+00:00\",\"author\":{\"@id\":\"https:\/\/eliem.fashion\/es\/#\/schema\/person\/a767cbf4cdea5d9b80c11d2efa523723\"},\"description\":\"Lea este art\u00edculo porque hoy te explicar\u00e9 en detalles como llevar un bolso de mano de manera que puedas lucirlo una modelo en la pasarela.\",\"breadcrumb\":{\"@id\":\"https:\/\/eliem.fashion\/es\/como-llevar-un-bolso-de-mano-o-pochette\/#breadcrumb\"},\"inLanguage\":\"es\",\"potentialAction\":[{\"@type\":\"ReadAction\",\"target\":[\"https:\/\/eliem.fashion\/es\/como-llevar-un-bolso-de-mano-o-pochette\/\"]}]},{\"@type\":\"ImageObject\",\"inLanguage\":\"es\",\"@id\":\"https:\/\/eliem.fashion\/es\/como-llevar-un-bolso-de-mano-o-pochette\/#primaryimage\",\"url\":\"https:\/\/eliem.fashion\/wp-content\/uploads\/2022\/03\/B.B-102.jpg\",\"contentUrl\":\"https:\/\/eliem.fashion\/wp-content\/uploads\/2022\/03\/B.B-102.jpg\",\"width\":1000,\"height\":1000,\"caption\":\"C\u00f2mo llevar un bolso de mano\"},{\"@type\":\"BreadcrumbList\",\"@id\":\"https:\/\/eliem.fashion\/es\/como-llevar-un-bolso-de-mano-o-pochette\/#breadcrumb\",\"itemListElement\":[{\"@type\":\"ListItem\",\"position\":1,\"name\":\"Home\",\"item\":\"https:\/\/eliem.fashion\/es\/\"},{\"@type\":\"ListItem\",\"position\":2,\"name\":\"C\u00f2mo llevar un bolso de mano o pochette\"}]},{\"@type\":\"WebSite\",\"@id\":\"https:\/\/eliem.fashion\/es\/#website\",\"url\":\"https:\/\/eliem.fashion\/es\/\",\"name\":\"Eliem Fashion by Elizabeth Maria\",\"description\":\"Three luxury bags in one\",\"potentialAction\":[{\"@type\":\"SearchAction\",\"target\":{\"@type\":\"EntryPoint\",\"urlTemplate\":\"https:\/\/eliem.fashion\/es\/?s={search_term_string}\"},\"query-input\":{\"@type\":\"PropertyValueSpecification\",\"valueRequired\":true,\"valueName\":\"search_term_string\"}}],\"inLanguage\":\"es\"},{\"@type\":\"Person\",\"@id\":\"https:\/\/eliem.fashion\/es\/#\/schema\/person\/a767cbf4cdea5d9b80c11d2efa523723\",\"name\":\"primaposizione\",\"url\":\"https:\/\/eliem.fashion\/es\/author\/primaposizione\/\"}]}<\/script>\n<!-- \/ Yoast SEO plugin. -->","yoast_head_json":{"title":"C\u00f2mo llevar un bolso de mano o pochette | Eliem.fashion","description":"Lea este art\u00edculo porque hoy te explicar\u00e9 en detalles como llevar un bolso de mano de manera que puedas lucirlo una modelo en la pasarela.","robots":{"index":"index","follow":"follow","max-snippet":"max-snippet:-1","max-image-preview":"max-image-preview:large","max-video-preview":"max-video-preview:-1"},"canonical":"https:\/\/eliem.fashion\/es\/como-llevar-un-bolso-de-mano-o-pochette\/","og_locale":"es_ES","og_type":"article","og_title":"C\u00f2mo llevar un bolso de mano o pochette | Eliem.fashion","og_description":"Lea este art\u00edculo porque hoy te explicar\u00e9 en detalles como llevar un bolso de mano de manera que puedas lucirlo una modelo en la pasarela.","og_url":"https:\/\/eliem.fashion\/es\/como-llevar-un-bolso-de-mano-o-pochette\/","og_site_name":"Eliem Fashion by Elizabeth Maria","article_published_time":"2022-03-16T09:12:16+00:00","article_modified_time":"2022-03-18T16:03:51+00:00","og_image":[{"width":1000,"height":1000,"url":"https:\/\/eliem.fashion\/wp-content\/uploads\/2022\/03\/B.B-102.jpg","type":"image\/jpeg"}],"author":"primaposizione","twitter_card":"summary_large_image","twitter_misc":{"Escrito por":"primaposizione","Tiempo de lectura":"2 minutos"},"schema":{"@context":"https:\/\/schema.org","@graph":[{"@type":"WebPage","@id":"https:\/\/eliem.fashion\/es\/como-llevar-un-bolso-de-mano-o-pochette\/","url":"https:\/\/eliem.fashion\/es\/como-llevar-un-bolso-de-mano-o-pochette\/","name":"C\u00f2mo llevar un bolso de mano o pochette | Eliem.fashion","isPartOf":{"@id":"https:\/\/eliem.fashion\/es\/#website"},"primaryImageOfPage":{"@id":"https:\/\/eliem.fashion\/es\/como-llevar-un-bolso-de-mano-o-pochette\/#primaryimage"},"image":{"@id":"https:\/\/eliem.fashion\/es\/como-llevar-un-bolso-de-mano-o-pochette\/#primaryimage"},"thumbnailUrl":"https:\/\/eliem.fashion\/wp-content\/uploads\/2022\/03\/B.B-102.jpg","datePublished":"2022-03-16T09:12:16+00:00","dateModified":"2022-03-18T16:03:51+00:00","author":{"@id":"https:\/\/eliem.fashion\/es\/#\/schema\/person\/a767cbf4cdea5d9b80c11d2efa523723"},"description":"Lea este art\u00edculo porque hoy te explicar\u00e9 en detalles como llevar un bolso de mano de manera que puedas lucirlo una modelo en la pasarela.","breadcrumb":{"@id":"https:\/\/eliem.fashion\/es\/como-llevar-un-bolso-de-mano-o-pochette\/#breadcrumb"},"inLanguage":"es","potentialAction":[{"@type":"ReadAction","target":["https:\/\/eliem.fashion\/es\/como-llevar-un-bolso-de-mano-o-pochette\/"]}]},{"@type":"ImageObject","inLanguage":"es","@id":"https:\/\/eliem.fashion\/es\/como-llevar-un-bolso-de-mano-o-pochette\/#primaryimage","url":"https:\/\/eliem.fashion\/wp-content\/uploads\/2022\/03\/B.B-102.jpg","contentUrl":"https:\/\/eliem.fashion\/wp-content\/uploads\/2022\/03\/B.B-102.jpg","width":1000,"height":1000,"caption":"C\u00f2mo llevar un bolso de mano"},{"@type":"BreadcrumbList","@id":"https:\/\/eliem.fashion\/es\/como-llevar-un-bolso-de-mano-o-pochette\/#breadcrumb","itemListElement":[{"@type":"ListItem","position":1,"name":"Home","item":"https:\/\/eliem.fashion\/es\/"},{"@type":"ListItem","position":2,"name":"C\u00f2mo llevar un bolso de mano o pochette"}]},{"@type":"WebSite","@id":"https:\/\/eliem.fashion\/es\/#website","url":"https:\/\/eliem.fashion\/es\/","name":"Eliem Fashion by Elizabeth Maria","description":"Three luxury bags in one","potentialAction":[{"@type":"SearchAction","target":{"@type":"EntryPoint","urlTemplate":"https:\/\/eliem.fashion\/es\/?s={search_term_string}"},"query-input":{"@type":"PropertyValueSpecification","valueRequired":true,"valueName":"search_term_string"}}],"inLanguage":"es"},{"@type":"Person","@id":"https:\/\/eliem.fashion\/es\/#\/schema\/person\/a767cbf4cdea5d9b80c11d2efa523723","name":"primaposizione","url":"https:\/\/eliem.fashion\/es\/author\/primaposizione\/"}]}},"jetpack_featured_media_url":"https:\/\/eliem.fashion\/wp-content\/uploads\/2022\/03\/B.B-102.jpg","jetpack_sharing_enabled":true,"_links":{"self":[{"href":"https:\/\/eliem.fashion\/es\/wp-json\/wp\/v2\/posts\/6819","targetHints":{"allow":["GET"]}}],"collection":[{"href":"https:\/\/eliem.fashion\/es\/wp-json\/wp\/v2\/posts"}],"about":[{"href":"https:\/\/eliem.fashion\/es\/wp-json\/wp\/v2\/types\/post"}],"author":[{"embeddable":true,"href":"https:\/\/eliem.fashion\/es\/wp-json\/wp\/v2\/users\/9"}],"replies":[{"embeddable":true,"href":"https:\/\/eliem.fashion\/es\/wp-json\/wp\/v2\/comments?post=6819"}],"version-history":[{"count":3,"href":"https:\/\/eliem.fashion\/es\/wp-json\/wp\/v2\/posts\/6819\/revisions"}],"predecessor-version":[{"id":6877,"href":"https:\/\/eliem.fashion\/es\/wp-json\/wp\/v2\/posts\/6819\/revisions\/6877"}],"wp:featuredmedia":[{"embeddable":true,"href":"https:\/\/eliem.fashion\/es\/wp-json\/wp\/v2\/media\/6693"}],"wp:attachment":[{"href":"https:\/\/eliem.fashion\/es\/wp-json\/wp\/v2\/media?parent=6819"}],"wp:term":[{"taxonomy":"category","embeddable":true,"href":"https:\/\/eliem.fashion\/es\/wp-json\/wp\/v2\/categories?post=6819"},{"taxonomy":"post_tag","embeddable":true,"href":"https:\/\/eliem.fashion\/es\/wp-json\/wp\/v2\/tags?post=6819"}],"curies":[{"name":"wp","href":"https:\/\/api.w.org\/{rel}","templated":true}]}}